{"id":23293,"date":"2022-07-21T13:15:12","date_gmt":"2022-07-21T13:15:12","guid":{"rendered":"https:\/\/www.devollicorporation.com\/?p=23293"},"modified":"2023-01-05T14:29:49","modified_gmt":"2023-01-05T14:29:49","slug":"edi-rama-shkelqim-devolli-nga-kosova-eshte-bere-personazh-i-tregut-nderkombetar","status":"publish","type":"post","link":"https:\/\/devollicorporation.com\/en\/lajme\/edi-rama-shkelqim-devolli-nga-kosova-eshte-bere-personazh-i-tregut-nderkombetar\/","title":{"rendered":"Edi Rama: Shk\u00eblqim Devolli from Kosovo has become a character in the international market"},"content":{"rendered":"<div class=\"vc_row wpb_row vc_row-fluid\"><div class=\"wpb_column vc_column_container vc_col-sm-12\"><div class=\"vc_column-inner\"><div class=\"wpb_wrapper\">\n\t<div class=\"wpb_text_column wpb_content_element\" >\n\t\t<div class=\"wpb_wrapper\">\n\t\t\t<p><strong>The Prime Minister of Albania, Edi Rama, spoke about the successes of \"Devolli Corporation\" during the grateful hospitality he gave to representatives of Kosovar businesses at the Palace of Brigades.<\/strong><\/p>\n<p>He said that the shareholder of \"Devolli Corporation\", Shk\u00eblqim Devolli, has become a character in the international market.<\/p>\n<p>Rama praised Devolli, whom he said is an exceptional example that shows what success Albanians can achieve when opportunities are created.<\/p>\n<div class=\"code-block code-block-1\"><\/div>\n<p>\"Here comes Shk\u00eblqim Devolli from Kosovo and becomes a character in the international market and creates an added value, which is an extraordinary example for all of us of what Albanians can do when opportunities are created for them\".<\/p>\n<p>The head of the Albanian government said that the Albanian market has become too small for \"Devolli Corporation\", which also produces for the American and European markets.<\/p>\n<p>\"In the factory where we were all together at Shk\u00eblqimi and fortunately Shk\u00eblqimi is not alone in the Kosovo market, because there are others, regardless of size levels, there is a factory that can be located in any country in the world , from America to England, Germany and Australia\".<\/p>\n<p>\"Actually, there is simply not enough produced there to occupy an already very small market for Shine. It is produced for the American market, the German market and the European markets and in a territory of extraordinary competition that they have not received Shkelqim Devolli neither in America, nor in Germany, nor in France, so that they think they can sleep comfortably. They took the mattresses when Shk\u00eblqim Devolli's first ones were raised in wooden cradles\", declared Rama.<\/p>\n<p>The Prime Minister of Albania, Edi Rama, a month earlier - a day before the meeting of the two Albanian governments in Pristina - had visited the companies of the largest Kosovar exporter \"Devolli Corporation\", where he was amazed by their work and successes.<\/p>\n\n\t\t<\/div>\n\t<\/div>\n<div class=\"vc_empty_space\"   style=\"height: 32px\"><span class=\"vc_empty_space_inner\"><\/span><\/div><\/div><\/div><\/div><\/div><div class=\"vc_row wpb_row vc_row-fluid\"><div class=\"wpb_column vc_column_container vc_col-sm-6\"><div class=\"vc_column-inner\"><div class=\"wpb_wrapper\">\n\t<div class=\"wpb_video_widget wpb_content_element vc_clearfix   vc_video-aspect-ratio-169 vc_video-el-width-100 vc_video-align-left\" >\n\t\t<div class=\"wpb_wrapper\">\n\t\t\t\n\t\t\t<div class=\"wpb_video_wrapper\"><iframe loading=\"lazy\" title=\"Edi Rama: Shk\u00eblqim Devolli \u00ebsht\u00eb b\u00ebr\u00eb personazh i tregut nd\u00ebrkomb\u00ebtar - 20.07.2022 - Klan Kosova\" width=\"1060\" height=\"596\" src=\"https:\/\/www.youtube.com\/embed\/vATLvkAsduE?feature=oembed\" frameborder=\"0\" allow=\"accelerometer; autoplay; clipboard-write; encrypted-media; gyroscope; picture-in-picture; web-share\" allowfullscreen><\/iframe><\/div>\n\t\t<\/div>\n\t<\/div>\n<\/div><\/div><\/div><div class=\"wpb_column vc_column_container vc_col-sm-6\"><div class=\"vc_column-inner\"><div class=\"wpb_wrapper\"><\/div><\/div><\/div><\/div>","protected":false},"excerpt":{"rendered":"Kryeministri i Shqip\u00ebris\u00eb, Edi Rama, ka folur p\u00ebr sukseset e \u201cDevolli Corporation\u201d gjat\u00eb mikpritjes fal\u00ebnderuese q\u00eb ai iu b\u00ebri p\u00ebrfaq\u00ebsuesve t\u00eb bizneseve kosovare n\u00eb Pallatin e Brigadave. Ai tha se aksionari i \u201cDevolli Corporation\u201d, Shk\u00eblqim Devolli, \u00ebsht\u00eb b\u00ebr\u00eb nj\u00eb personazh [...]","protected":false},"author":1024,"featured_media":23294,"comment_status":"closed","ping_status":"open","sticky":false,"template":"","format":"standard","meta":{"footnotes":""},"categories":[107,115],"tags":[],"class_list":["post-23293","post","type-post","status-publish","format-standard","has-post-thumbnail","hentry","category-lajme","category-lajme-en"],"uagb_featured_image_src":{"full":["https:\/\/devollicorporation.com\/wp-content\/uploads\/2023\/01\/Edi_rama.jpg",622,378,false],"thumbnail":["https:\/\/devollicorporation.com\/wp-content\/uploads\/2023\/01\/Edi_rama-150x150.jpg",150,150,true],"medium":["https:\/\/devollicorporation.com\/wp-content\/uploads\/2023\/01\/Edi_rama-300x182.jpg",300,182,true],"medium_large":["https:\/\/devollicorporation.com\/wp-content\/uploads\/2023\/01\/Edi_rama.jpg",622,378,false],"large":["https:\/\/devollicorporation.com\/wp-content\/uploads\/2023\/01\/Edi_rama.jpg",622,378,false],"1536x1536":["https:\/\/devollicorporation.com\/wp-content\/uploads\/2023\/01\/Edi_rama.jpg",622,378,false],"2048x2048":["https:\/\/devollicorporation.com\/wp-content\/uploads\/2023\/01\/Edi_rama.jpg",622,378,false],"trp-custom-language-flag":["https:\/\/devollicorporation.com\/wp-content\/uploads\/2023\/01\/Edi_rama-16x10.jpg",16,10,true],"baker_edge_image_square":["https:\/\/devollicorporation.com\/wp-content\/uploads\/2023\/01\/Edi_rama-550x378.jpg",550,378,true],"baker_edge_image_landscape":["https:\/\/devollicorporation.com\/wp-content\/uploads\/2023\/01\/Edi_rama.jpg",622,378,false],"baker_edge_image_portrait":["https:\/\/devollicorporation.com\/wp-content\/uploads\/2023\/01\/Edi_rama-550x378.jpg",550,378,true],"baker_edge_image_huge":["https:\/\/devollicorporation.com\/wp-content\/uploads\/2023\/01\/Edi_rama.jpg",622,378,false],"htmagazine_grid":["https:\/\/devollicorporation.com\/wp-content\/uploads\/2023\/01\/Edi_rama-622x218.jpg",622,218,true]},"uagb_author_info":{"display_name":"dco","author_link":"https:\/\/devollicorporation.com\/en\/author\/main\/"},"uagb_comment_info":0,"uagb_excerpt":null,"_links":{"self":[{"href":"https:\/\/devollicorporation.com\/en\/wp-json\/wp\/v2\/posts\/23293","targetHints":{"allow":["GET"]}}],"collection":[{"href":"https:\/\/devollicorporation.com\/en\/wp-json\/wp\/v2\/posts"}],"about":[{"href":"https:\/\/devollicorporation.com\/en\/wp-json\/wp\/v2\/types\/post"}],"author":[{"embeddable":true,"href":"https:\/\/devollicorporation.com\/en\/wp-json\/wp\/v2\/users\/1024"}],"replies":[{"embeddable":true,"href":"https:\/\/devollicorporation.com\/en\/wp-json\/wp\/v2\/comments?post=23293"}],"version-history":[{"count":2,"href":"https:\/\/devollicorporation.com\/en\/wp-json\/wp\/v2\/posts\/23293\/revisions"}],"predecessor-version":[{"id":23344,"href":"https:\/\/devollicorporation.com\/en\/wp-json\/wp\/v2\/posts\/23293\/revisions\/23344"}],"wp:featuredmedia":[{"embeddable":true,"href":"https:\/\/devollicorporation.com\/en\/wp-json\/wp\/v2\/media\/23294"}],"wp:attachment":[{"href":"https:\/\/devollicorporation.com\/en\/wp-json\/wp\/v2\/media?parent=23293"}],"wp:term":[{"taxonomy":"category","embeddable":true,"href":"https:\/\/devollicorporation.com\/en\/wp-json\/wp\/v2\/categories?post=23293"},{"taxonomy":"post_tag","embeddable":true,"href":"https:\/\/devollicorporation.com\/en\/wp-json\/wp\/v2\/tags?post=23293"}],"curies":[{"name":"wp","href":"https:\/\/api.w.org\/{rel}","templated":true}]}}